{"id":15861,"date":"2019-09-23T09:30:16","date_gmt":"2019-09-23T13:30:16","guid":{"rendered":"https:\/\/siminovitchprize.com\/?p=15861"},"modified":"2019-09-23T09:30:16","modified_gmt":"2019-09-23T13:30:16","slug":"siminovitch-prize-foundation-and-national-arts-centre-announce-the-shortlist-for-the-2019-siminovitch-prize-in-directing","status":"publish","type":"post","link":"https:\/\/siminovitchprize.com\/fr\/siminovitch-prize-foundation-and-national-arts-centre-announce-the-shortlist-for-the-2019-siminovitch-prize-in-directing\/","title":{"rendered":"LA LISTE DES FINALISTES EN MISE EN SC\u00c8NE DU PRIX SIMINOVITCH 2019 EST D\u00c9VOIL\u00c9E"},"content":{"rendered":"<p><strong>23 septembre 2019 \u2013 OTTAWA (Canada)<\/strong><\/p>\n<p class=\"translation-block\">La Fondation duPrix Siminovitch en th\u00e9\u00e2tre et le Centre national des Arts ont annonc\u00e9 aujourd\u2019hui le nom des finalistes du Prix Siminovitch 2019, qui sera remis cette ann\u00e9e \u00e0 un.e metteur.e en sc\u00e8ne. Le jury a retenu quatre candidatures exceptionnelles pour ce prestigieux prix qui souligne, depuis 19 ans, l\u2019excellence et l\u2019innovation en th\u00e9\u00e2tre canadien.<\/p>\n<p class=\"translation-block\">Pour la premi\u00e8re fois de son histoire, le Prix Siminovitch compte parmi ses finalistes un duo de collaborateurs, soient Maiko Yamamoto et James Long, codirecteurs artistiques de Theatre Replacement de Vancouver. Les autres finalistes du prix de th\u00e9\u00e2tre le plus convoit\u00e9 au Canada sont : Christian Barry, cofondateur et codirecteur artistique de la compagnie 2b theatre; Ravi Jain, directeur artistique fondateur de Why Not Theatre; et Christian Lapointe, directeur artistique du Th\u00e9\u00e2tre Carte blanche.<\/p>\n<p>\u00ab Tous ces finalistes illustrent bien l\u2019inventivit\u00e9 et l\u2019originalit\u00e9 \u00e9blouissantes qui caract\u00e9risent l\u2019art de la mise en sc\u00e8ne th\u00e9\u00e2trale d\u2019aujourd\u2019hui au Canada \u00bb, souligne la pr\u00e9sidente du jury 2019, Vanessa Porteous. \u00ab Il est tout \u00e0 fait juste que le jury d\u2019une r\u00e9compense aussi avant-gardiste que le Prix Siminovitch, lequel rend hommage aux artistes qui sont au meilleur de leur vie cr\u00e9ative, retienne de tels candidats. Ceux-ci se d\u00e9marquent par leur talent, leur potentiel et leur influence. Ces artistes changent la face du monde, en quelque sorte. Ils nous font d\u00e9couvrir une myriade de possibilit\u00e9s. Nous ne savons pas jusqu\u2019o\u00f9 ira leur impact \u2013 sur le public, le th\u00e9\u00e2tre, et chacun d\u2019entre nous. \u00bb<\/p>\n<p class=\"translation-block\">Le jury 2019 est compos\u00e9 des membres suivants : Vanessa Porteous (pr\u00e9sidente), metteure en sc\u00e8ne de Calgary; Marie Farsi, artiste de th\u00e9\u00e2tre torontoise; \u00c9milie Monnet, artiste autochtone pluridisciplinaire de Montr\u00e9al; Bobby Theodore, sc\u00e9nariste, dramaturge et traducteur torontois; et Adrienne Wong, artiste de th\u00e9\u00e2tre de Banff.<\/p>\n<p>Le Prix Siminovitch met pleins feux sur l\u2019excellence et l\u2019innovation en th\u00e9\u00e2tre canadien avec un prix annuel de 100\u2009000 $. Le Prix reconna\u00eet l\u2019importance du mentorat pour soutenir les talents \u00e9mergents : le ou la laur\u00e9at.e re\u00e7oit 75\u2009000 $ et choisit \u00e0 son tour un.e prot\u00e9g\u00e9.e, qui re\u00e7oit 25\u2009000 $.<\/p>\n<p><strong>R\u00c9CEPTION ET REMISE DU PRIX<\/strong><\/p>\n<p class=\"translation-block\">Cette ann\u00e9e, une soir\u00e9e en l\u2019honneur des finalistes aura lieu le 28 octobre 2019\u00e0 la Hart House de l\u2019Universit\u00e9 de Toronto, laquelle est fi\u00e8re de compter parmi les partenaires du Prix Siminovitch depuis sa cr\u00e9ation. Le nom du ou des laur\u00e9at.s sera d\u00e9voil\u00e9 lors d\u2019une c\u00e9r\u00e9monie qui se tiendra le jeudi 21 novembre auCentre national des Arts.<\/p>\n<h2>LES FINALISTES EN MISE EN SC\u00c8NE POUR LE PRIX SIMINOVITCH 2019 SONT :<\/h2>\n<p><strong>Christian Barry (Halifax, N.-\u00c9.)<\/strong><\/p>\n<p class=\"translation-block\">Christian Barry is a multi-award winning director and theatre-maker from Halifax, Nova Scotia. He is a co-founder and artistic co-director of 2b theatre company. Christian\u2019s productions have played at renowned festivals and theatres around the world including Bristol Old Vic, Edinburgh Fringe, Sydney Festival, Tarragon Theatre, Citadel Theatre, Magnetic North Festival, PuSh, Noorderzon, Aarhus Festival, Theaterformen Hanover, Luminato, World Stage, and 59E59 (Off-Broadway in New York City).<br>\r\nChristian won the 2019 Toronto Theatre Critics Circle Awards for Best Director and Best New Musical.<\/p>\n<p>Barry a remport\u00e9 le prix de la meilleure mise en sc\u00e8ne et de la meilleure com\u00e9die musicale du Cercle de la critique de th\u00e9\u00e2tre de Toronto en 2019. Il a \u00e9t\u00e9 mis en nomination pour six Drama Desk Awards en 2018, dont ceux de la mise en sc\u00e8ne de l\u2019ann\u00e9e et de la meilleure production. Il a remport\u00e9 un prix Dora pour la production de l\u2019ann\u00e9e et a \u00e9t\u00e9 cit\u00e9 pour la meilleure mise en sc\u00e8ne. Christian Barry a en outre re\u00e7u la bourse de r\u00e9sidence Urjo Kareda 2006-2007 au th\u00e9\u00e2tre Tarragon, le prix du maire d\u2019Halifax pour artiste \u00e9mergent en 2008 et le Masterworks Arts Award 2018, la plus haute distinction pour les arts de la Nouvelle-\u00c9cosse.<\/p>\n<p><strong>Ravi Jain (Toronto, ON)<\/strong><\/p>\n<p class=\"translation-block\">Fondateur et directeur artistique de Why Not Theatre, Ravi Jain est un artiste prim\u00e9 maintes fois reconnu pour offrir des exp\u00e9riences th\u00e9\u00e2trales in\u00e9dites, aussi bien dans de petits espaces ind\u00e9pendants que de grands th\u00e9\u00e2tres. Ses productions originales, ses collaborations internationales et ses mod\u00e8les de productions novateurs, qui visent \u00e0 encourager des artistes \u00e9mergents \u00e0 mieux gagner leur vie de leur art sont sa marque de commerce.\n\nToute l\u2019\u0153uvre de Jain est empreinte de son d\u00e9sir d\u2019inspirer les Canadiens \u00e0 envisager d\u2019autres fa\u00e7ons de repr\u00e9senter leur pays \u00e0 l\u2019\u00e9chelle nationale et internationale, ce qu\u2019illustrent bien les classiques r\u00e9invent\u00e9s Hamletet Salt-Water Moon ou le projet A Brimful of Asha. Le metteur en sc\u00e8ne travaille actuellement \u00e0 une adaptation du Mahabharatapour le Festival Shaw et \u00e0 un nouveau projet avec David Suzuki et son \u00e9pouse Tara Cullis. Ravi Jain a remport\u00e9 en 2012 le prix Pauline McGibbon du metteur en sc\u00e8ne \u00e9mergent et en 2016, le prix John Hirsch du Conseil des arts du Canada pour la mise en sc\u00e8ne.<\/p>\n<p><strong>Christian Lapointe (Qu\u00e9bec, Qc)<\/strong><\/p>\n<p>Apr\u00e8s avoir fond\u00e9 le Th\u00e9\u00e2tre P\u00e9ril en 2000, Christian Lapointe dirige le Th\u00e9\u00e2tre Carte blanche, \u00e0 Qu\u00e9bec, depuis 2013. Il a mis en sc\u00e8ne pr\u00e8s d\u2019une trentaine de pi\u00e8ces de th\u00e9\u00e2tre depuis 2001, puisant principalement au r\u00e9pertoire symboliste (Yeats, Maeterlinck, Villiers de l\u2019Isle-Adam) et contemporain (Crimp, Viripaev, Duras, Arsenault, Handke, Sauvageau), dirigeant aussi des productions de ses propres textes.<\/p>\n<p class=\"translation-block\">L\u2019\u00e9criture de ses spectacles, o\u00f9 la prof\u00e9ration du texte tient une place pr\u00e9pond\u00e9rante, emprunte \u00e0 l\u2019art performatif, se con\u00e7oit \u00e0 partir de dispositifs sc\u00e9niques \u00e9labor\u00e9s et se rapproche souvent de l\u2019installation vid\u00e9o. Il consacre aussi une part de son temps \u00e0 passer le flambeau aux jeunes artistes \u00e0 travers des classes de ma\u00eetre, des cours et des mises en sc\u00e8ne qu\u2019il a entre autres sign\u00e9es \u00e0 l\u2019\u00c9cole sup\u00e9rieure de th\u00e9\u00e2tre, o\u00f9 il est professeur, et \u00e0 l\u2019\u00c9cole nationale de th\u00e9\u00e2tre du Canada. En 2009, il a \u00e9t\u00e9 de la programmation officielle du Festival d\u2019Avignon. Il a fait, en 2015, un spectacle de lecture en continu de l\u2019\u0153uvre d\u2019Antonin Artaud de pr\u00e8s de 70 heures dans le cadre du Festival TransAm\u00e9riques. En 2018 et 2019, en coproduction avec une dizaine de th\u00e9\u00e2tres partout sur le territoire qu\u00e9b\u00e9cois, il a men\u00e9 le projet Constituons! en collaboration avec l\u2019Institut du Nouveau Monde. Dans le cadre de ce projet, une assembl\u00e9e constituante paritaire de citoyennes et de citoyens s\u00e9lectionn\u00e9s au hasard, repr\u00e9sentatifs de la d\u00e9mographie qu\u00e9b\u00e9coise et provenant des quatre coins de la province, a \u00e9t\u00e9 mise sur pied pour r\u00e9diger la premi\u00e8re Constitution citoyenne du Qu\u00e9bec. Celle-ci a \u00e9t\u00e9 officiellement d\u00e9pos\u00e9e \u00e0 l\u2019Assembl\u00e9e nationale du Qu\u00e9bec le 29 mai 2019. La pi\u00e8ce Constituons!, jou\u00e9e et mise en sc\u00e8ne par l\u2019artiste, relate cette vaste aventure qui juxtapose art et citoyennet\u00e9 dans une mise \u00e0 l\u2019\u00e9preuve du th\u00e9\u00e2tre comme agora populaire.<\/p>\n<p><strong>Maiko Yamamoto et James Long (Vancouver, C.-B.)<\/strong><\/p>\n<p>Depuis plus de 20 ans, Maiko Yamamoto et James Long font du th\u00e9\u00e2tre exp\u00e9rimental, interculturel et interdisciplinaire. Qu\u2019ils travaillent ensemble ou s\u00e9par\u00e9ment, ils ont recours \u00e0 des processus de longue haleine pour cr\u00e9er des spectacles \u00e0 partir de d\u00e9buts intentionnellement simples, avec des collaborateurs nouveaux ou non. Leur travail est une authentique recherche de coexistence. Des conversations, des entrevues et des discussions rencontrent l\u2019esth\u00e9tique de Yamamoto et Long pour produire des exp\u00e9riences th\u00e9\u00e2trales authentiques, imm\u00e9diates et pleines d\u2019espoir.\n\nLes deux metteurs en sc\u00e8ne ont fond\u00e9 Theatre Replacement en 2003. Le travail de cette compagnie a \u00e9t\u00e9 pr\u00e9sent\u00e9 dans 43 villes et espaces partout dans le monde. En tant qu\u2019artistes ind\u00e9pendants, ils ont enseign\u00e9, mont\u00e9, \u00e9crit et cr\u00e9\u00e9 des spectacles avec une grande vari\u00e9t\u00e9 de compagnies et d\u2019institutions. Tous deux sont dipl\u00f4m\u00e9s du programme de th\u00e9\u00e2tre de l\u2019\u00c9cole des arts contemporains de l\u2019Universit\u00e9 Simon Fraser. Yamamoto d\u00e9tient en outre une ma\u00eetrise en arts visuels et appliqu\u00e9s de l\u2019Universit\u00e9 Emily Carr, et Long, une ma\u00eetrise en \u00e9tudes urbaines de l\u2019Universit\u00e9 Simon Fraser.<\/p>\n<h2>\u00c0 PROPOS DU PRIX SIMINOVITCH<\/h2>\n<p>Le Prix Siminovitch a \u00e9t\u00e9 lanc\u00e9 en 2000 pour rendre hommage aux valeurs et aux r\u00e9alisations du renomm\u00e9 scientifique Lou Siminovitch et de sa d\u00e9funte \u00e9pouse, Elinore Siminovitch, dramaturge avant-gardiste. Sur un cycle de trois ans, le Prix met \u00e0 l\u2019honneur un.e metteur.e en sc\u00e8ne, un.e dramaturge ou un.e sc\u00e9nographe qui est une figure de proue dans le domaine du th\u00e9\u00e2tre au Canada, et dont le travail est reconnu pour sa port\u00e9e et son influence. Le Prix 2018 a \u00e9t\u00e9 remis \u00e0 la sc\u00e9nographe St\u00e9phanie Jasmin et \u00e0 son prot\u00e9g\u00e9 <a href=\"https:\/\/siminovitchprize.com\/fr\/laureates\/max-otto-fauteux\/\">Max-Otto Fauteux<\/a>.<\/p>\n<p><span style=\"font-size: inherit;\">En 2016, le Prix Siminovitch a amorc\u00e9 un nouveau partenariat avec le Centre national des Arts, qui agit comme catalyseur de la diffusion, de la cr\u00e9ation et de la transmission des savoirs partout au pays.Le Prix ayant en outre pour tradition d\u2019encourager le mentorat, un groupe d\u2019\u00e9tudiants des volets anglophone et francophone du programme de mise en sc\u00e8ne de l\u2019\u00c9cole nationale de th\u00e9\u00e2tre assisteront cette ann\u00e9e \u00e0 la c\u00e9r\u00e9monie et participeront \u00e0 des ateliers avec les finalistes.<\/span><\/p>\n<p>Par ailleurs, les directrices artistiques du Th\u00e9\u00e2tre fran\u00e7ais et du Th\u00e9\u00e2tre anglais du Centre national des Arts ont toutes deux re\u00e7u le Prix Siminovitch de mise en sc\u00e8ne : respectivement, Brigitte Haentjens en 2007 et Jillian Keiley en 2004. En fait, depuis que le Prix a \u00e9t\u00e9 remis pour la premi\u00e8re fois en 2001, on a pu voir le travail de chacun des laur\u00e9ats sur la sc\u00e8ne nationale au CNA.<\/p>\n<p>Twitter: <a href=\"https:\/\/twitter.com\/SiminovitchPrix\">@SiminovitchPrix<\/a><br \/>\nMot-clic : #PrixSiminovitch<\/p>\n<h2>\u00c0 PROPOS DU CENTRE NATIONAL DES ARTS DU CANADA<\/h2>\n<p>Le Centre national des Arts (CNA) a ouvert ses portes en 1969. Bilingue et multidisciplinaire, le CNA est un carrefour des plus grands talents cr\u00e9ateurs aupays, et privil\u00e9gie les choix audacieux dans chacun de ses volets de programmation : l\u2019Orchestre du CNA, la Danse, le Th\u00e9\u00e2tre fran\u00e7ais, le Th\u00e9\u00e2tre anglais, le Th\u00e9\u00e2tre autochtone et CNA Pr\u00e9sente. Accueillant et accessible \u00e0 tous, le Centre offre au public une grande vari\u00e9t\u00e9 de programmation et d\u2019activit\u00e9s gratuites. Sa devise, Le Canada en sc\u00e8ne, refl\u00e8te le r\u00f4le national de l\u2019institution, qui collabore avec des artistes et des organisations d\u2019un oc\u00e9an \u00e0 l\u2019autre; sert de catalyseur d\u2019excellence artistique; investit dans de nouvelles \u0153uvres canadiennes ambitieuses; et cultive les publics et les artistes de la rel\u00e8ve \u00e0 l\u2019\u00e9chelle du pays.<\/p>\n<p><strong>-30-<\/strong><\/p>\n<p><strong>RENSEIGNEMENTS : <\/strong><\/p>\n<p>Mary Gordon<br \/>\nConseill\u00e8re principale, Communications<br \/>\nCentre national des Arts<br \/>\n613-947-7000 x 849<br \/>\nmary.gordon@nac-cna.ca<\/p>","protected":false},"excerpt":{"rendered":"<p>September 23, 2019 \u2013 OTTAWA (Canada) The Siminovitch Prize Foundation and the National Arts Centre today announced the shortlist for this year\u2019s award in the category of directing. The jury has selected five outstanding directors as finalists for the esteemed theatre prize, now celebrating its 19thyear of honouring excellence and innovation in Canadian theatre For [&hellip;]<\/p>\n","protected":false},"author":1,"featured_media":77,"comment_status":"closed","ping_status":"open","sticky":false,"template":"","format":"standard","meta":{"_acf_changed":false,"footnotes":""},"categories":[57],"tags":[],"class_list":["post-15861","post","type-post","status-publish","format-standard","has-post-thumbnail","hentry","category-news"],"acf":[],"yoast_head":"<!-- This site is optimized with the Yoast SEO plugin v27.4 - https:\/\/yoast.com\/product\/yoast-seo-wordpress\/ -->\n<title>Siminovitch Prize Foundation and National Arts Centre Announce the Shortlist for the 2019 Siminovitch Prize in Directing - Siminovitch Theatre Foundation<\/title>\n<meta name=\"robots\" content=\"index, follow, max-snippet:-1, max-image-preview:large, max-video-preview:-1\" \/>\n<link rel=\"canonical\" href=\"https:\/\/siminovitchprize.com\/fr\/siminovitch-prize-foundation-and-national-arts-centre-announce-the-shortlist-for-the-2019-siminovitch-prize-in-directing\/\" \/>\n<meta property=\"og:locale\" content=\"fr_CA\" \/>\n<meta property=\"og:type\" content=\"article\" \/>\n<meta property=\"og:title\" content=\"Siminovitch Prize Foundation and National Arts Centre Announce the Shortlist for the 2019 Siminovitch Prize in Directing - Siminovitch Theatre Foundation\" \/>\n<meta property=\"og:description\" content=\"September 23, 2019 \u2013 OTTAWA (Canada) The Siminovitch Prize Foundation and the National Arts Centre today announced the shortlist for this year\u2019s award in the category of directing. The jury has selected five outstanding directors as finalists for the esteemed theatre prize, now celebrating its 19thyear of honouring excellence and innovation in Canadian theatre For [&hellip;]\" \/>\n<meta property=\"og:url\" content=\"https:\/\/siminovitchprize.com\/fr\/siminovitch-prize-foundation-and-national-arts-centre-announce-the-shortlist-for-the-2019-siminovitch-prize-in-directing\/\" \/>\n<meta property=\"og:site_name\" content=\"Siminovitch Theatre Foundation\" \/>\n<meta property=\"article:published_time\" content=\"2019-09-23T13:30:16+00:00\" \/>\n<meta property=\"og:image\" content=\"https:\/\/siminovitchprize.com\/wp-content\/uploads\/2016\/07\/simi_logo_horz2.png\" \/>\n\t<meta property=\"og:image:width\" content=\"594\" \/>\n\t<meta property=\"og:image:height\" content=\"371\" \/>\n\t<meta property=\"og:image:type\" content=\"image\/png\" \/>\n<meta name=\"author\" content=\"siminovitchadmin\" \/>\n<meta name=\"twitter:card\" content=\"summary_large_image\" \/>\n<meta name=\"twitter:label1\" content=\"\u00c9crit par\" \/>\n\t<meta name=\"twitter:data1\" content=\"siminovitchadmin\" \/>\n\t<meta name=\"twitter:label2\" content=\"Estimation du temps de lecture\" \/>\n\t<meta name=\"twitter:data2\" content=\"7 minutes\" \/>\n<script type=\"application\/ld+json\" class=\"yoast-schema-graph\">{\"@context\":\"https:\\\/\\\/schema.org\",\"@graph\":[{\"@type\":\"Article\",\"@id\":\"https:\\\/\\\/siminovitchprize.com\\\/siminovitch-prize-foundation-and-national-arts-centre-announce-the-shortlist-for-the-2019-siminovitch-prize-in-directing\\\/#article\",\"isPartOf\":{\"@id\":\"https:\\\/\\\/siminovitchprize.com\\\/siminovitch-prize-foundation-and-national-arts-centre-announce-the-shortlist-for-the-2019-siminovitch-prize-in-directing\\\/\"},\"author\":{\"name\":\"siminovitchadmin\",\"@id\":\"https:\\\/\\\/siminovitchprize.com\\\/#\\\/schema\\\/person\\\/cfc8c9b4fabdfa6cf8c2dcae8cddd9ed\"},\"headline\":\"Siminovitch Prize Foundation and National Arts Centre Announce the Shortlist for the 2019 Siminovitch Prize in Directing\",\"datePublished\":\"2019-09-23T13:30:16+00:00\",\"mainEntityOfPage\":{\"@id\":\"https:\\\/\\\/siminovitchprize.com\\\/siminovitch-prize-foundation-and-national-arts-centre-announce-the-shortlist-for-the-2019-siminovitch-prize-in-directing\\\/\"},\"wordCount\":1469,\"image\":{\"@id\":\"https:\\\/\\\/siminovitchprize.com\\\/siminovitch-prize-foundation-and-national-arts-centre-announce-the-shortlist-for-the-2019-siminovitch-prize-in-directing\\\/#primaryimage\"},\"thumbnailUrl\":\"https:\\\/\\\/siminovitchprize.com\\\/wp-content\\\/uploads\\\/2016\\\/07\\\/simi_logo_horz2.png\",\"articleSection\":[\"News and Events\"],\"inLanguage\":\"fr-CA\"},{\"@type\":\"WebPage\",\"@id\":\"https:\\\/\\\/siminovitchprize.com\\\/siminovitch-prize-foundation-and-national-arts-centre-announce-the-shortlist-for-the-2019-siminovitch-prize-in-directing\\\/\",\"url\":\"https:\\\/\\\/siminovitchprize.com\\\/siminovitch-prize-foundation-and-national-arts-centre-announce-the-shortlist-for-the-2019-siminovitch-prize-in-directing\\\/\",\"name\":\"Siminovitch Prize Foundation and National Arts Centre Announce the Shortlist for the 2019 Siminovitch Prize in Directing - Siminovitch Theatre Foundation\",\"isPartOf\":{\"@id\":\"https:\\\/\\\/siminovitchprize.com\\\/#website\"},\"primaryImageOfPage\":{\"@id\":\"https:\\\/\\\/siminovitchprize.com\\\/siminovitch-prize-foundation-and-national-arts-centre-announce-the-shortlist-for-the-2019-siminovitch-prize-in-directing\\\/#primaryimage\"},\"image\":{\"@id\":\"https:\\\/\\\/siminovitchprize.com\\\/siminovitch-prize-foundation-and-national-arts-centre-announce-the-shortlist-for-the-2019-siminovitch-prize-in-directing\\\/#primaryimage\"},\"thumbnailUrl\":\"https:\\\/\\\/siminovitchprize.com\\\/wp-content\\\/uploads\\\/2016\\\/07\\\/simi_logo_horz2.png\",\"datePublished\":\"2019-09-23T13:30:16+00:00\",\"author\":{\"@id\":\"https:\\\/\\\/siminovitchprize.com\\\/#\\\/schema\\\/person\\\/cfc8c9b4fabdfa6cf8c2dcae8cddd9ed\"},\"breadcrumb\":{\"@id\":\"https:\\\/\\\/siminovitchprize.com\\\/siminovitch-prize-foundation-and-national-arts-centre-announce-the-shortlist-for-the-2019-siminovitch-prize-in-directing\\\/#breadcrumb\"},\"inLanguage\":\"fr-CA\",\"potentialAction\":[{\"@type\":\"ReadAction\",\"target\":[\"https:\\\/\\\/siminovitchprize.com\\\/siminovitch-prize-foundation-and-national-arts-centre-announce-the-shortlist-for-the-2019-siminovitch-prize-in-directing\\\/\"]}]},{\"@type\":\"ImageObject\",\"inLanguage\":\"fr-CA\",\"@id\":\"https:\\\/\\\/siminovitchprize.com\\\/siminovitch-prize-foundation-and-national-arts-centre-announce-the-shortlist-for-the-2019-siminovitch-prize-in-directing\\\/#primaryimage\",\"url\":\"https:\\\/\\\/siminovitchprize.com\\\/wp-content\\\/uploads\\\/2016\\\/07\\\/simi_logo_horz2.png\",\"contentUrl\":\"https:\\\/\\\/siminovitchprize.com\\\/wp-content\\\/uploads\\\/2016\\\/07\\\/simi_logo_horz2.png\",\"width\":594,\"height\":371},{\"@type\":\"BreadcrumbList\",\"@id\":\"https:\\\/\\\/siminovitchprize.com\\\/siminovitch-prize-foundation-and-national-arts-centre-announce-the-shortlist-for-the-2019-siminovitch-prize-in-directing\\\/#breadcrumb\",\"itemListElement\":[{\"@type\":\"ListItem\",\"position\":1,\"name\":\"Home\",\"item\":\"https:\\\/\\\/siminovitchprize.com\\\/\"},{\"@type\":\"ListItem\",\"position\":2,\"name\":\"Siminovitch Prize Foundation and National Arts Centre Announce the Shortlist for the 2019 Siminovitch Prize in Directing\"}]},{\"@type\":\"WebSite\",\"@id\":\"https:\\\/\\\/siminovitchprize.com\\\/#website\",\"url\":\"https:\\\/\\\/siminovitchprize.com\\\/\",\"name\":\"Siminovitch Theatre Foundation\",\"description\":\"Uplifting Canada\u2019s Groundbreaking Theatre Artists\",\"potentialAction\":[{\"@type\":\"SearchAction\",\"target\":{\"@type\":\"EntryPoint\",\"urlTemplate\":\"https:\\\/\\\/siminovitchprize.com\\\/?s={search_term_string}\"},\"query-input\":{\"@type\":\"PropertyValueSpecification\",\"valueRequired\":true,\"valueName\":\"search_term_string\"}}],\"inLanguage\":\"fr-CA\"},{\"@type\":\"Person\",\"@id\":\"https:\\\/\\\/siminovitchprize.com\\\/#\\\/schema\\\/person\\\/cfc8c9b4fabdfa6cf8c2dcae8cddd9ed\",\"name\":\"siminovitchadmin\",\"image\":{\"@type\":\"ImageObject\",\"inLanguage\":\"fr-CA\",\"@id\":\"https:\\\/\\\/secure.gravatar.com\\\/avatar\\\/66fd3bb88d02e422d36e9f0e1fc52b2ce6c59df6a12e91a59752d57569803035?s=96&d=mm&r=g\",\"url\":\"https:\\\/\\\/secure.gravatar.com\\\/avatar\\\/66fd3bb88d02e422d36e9f0e1fc52b2ce6c59df6a12e91a59752d57569803035?s=96&d=mm&r=g\",\"contentUrl\":\"https:\\\/\\\/secure.gravatar.com\\\/avatar\\\/66fd3bb88d02e422d36e9f0e1fc52b2ce6c59df6a12e91a59752d57569803035?s=96&d=mm&r=g\",\"caption\":\"siminovitchadmin\"},\"sameAs\":[\"https:\\\/\\\/siminovitchprize.com\"]}]}<\/script>\n<!-- \/ Yoast SEO plugin. -->","yoast_head_json":{"title":"Siminovitch Prize Foundation and National Arts Centre Announce the Shortlist for the 2019 Siminovitch Prize in Directing - Siminovitch Theatre Foundation","robots":{"index":"index","follow":"follow","max-snippet":"max-snippet:-1","max-image-preview":"max-image-preview:large","max-video-preview":"max-video-preview:-1"},"canonical":"https:\/\/siminovitchprize.com\/fr\/siminovitch-prize-foundation-and-national-arts-centre-announce-the-shortlist-for-the-2019-siminovitch-prize-in-directing\/","og_locale":"fr_CA","og_type":"article","og_title":"Siminovitch Prize Foundation and National Arts Centre Announce the Shortlist for the 2019 Siminovitch Prize in Directing - Siminovitch Theatre Foundation","og_description":"September 23, 2019 \u2013 OTTAWA (Canada) The Siminovitch Prize Foundation and the National Arts Centre today announced the shortlist for this year\u2019s award in the category of directing. The jury has selected five outstanding directors as finalists for the esteemed theatre prize, now celebrating its 19thyear of honouring excellence and innovation in Canadian theatre For [&hellip;]","og_url":"https:\/\/siminovitchprize.com\/fr\/siminovitch-prize-foundation-and-national-arts-centre-announce-the-shortlist-for-the-2019-siminovitch-prize-in-directing\/","og_site_name":"Siminovitch Theatre Foundation","article_published_time":"2019-09-23T13:30:16+00:00","og_image":[{"width":594,"height":371,"url":"https:\/\/siminovitchprize.com\/wp-content\/uploads\/2016\/07\/simi_logo_horz2.png","type":"image\/png"}],"author":"siminovitchadmin","twitter_card":"summary_large_image","twitter_misc":{"\u00c9crit par":"siminovitchadmin","Estimation du temps de lecture":"7 minutes"},"schema":{"@context":"https:\/\/schema.org","@graph":[{"@type":"Article","@id":"https:\/\/siminovitchprize.com\/siminovitch-prize-foundation-and-national-arts-centre-announce-the-shortlist-for-the-2019-siminovitch-prize-in-directing\/#article","isPartOf":{"@id":"https:\/\/siminovitchprize.com\/siminovitch-prize-foundation-and-national-arts-centre-announce-the-shortlist-for-the-2019-siminovitch-prize-in-directing\/"},"author":{"name":"siminovitchadmin","@id":"https:\/\/siminovitchprize.com\/#\/schema\/person\/cfc8c9b4fabdfa6cf8c2dcae8cddd9ed"},"headline":"Siminovitch Prize Foundation and National Arts Centre Announce the Shortlist for the 2019 Siminovitch Prize in Directing","datePublished":"2019-09-23T13:30:16+00:00","mainEntityOfPage":{"@id":"https:\/\/siminovitchprize.com\/siminovitch-prize-foundation-and-national-arts-centre-announce-the-shortlist-for-the-2019-siminovitch-prize-in-directing\/"},"wordCount":1469,"image":{"@id":"https:\/\/siminovitchprize.com\/siminovitch-prize-foundation-and-national-arts-centre-announce-the-shortlist-for-the-2019-siminovitch-prize-in-directing\/#primaryimage"},"thumbnailUrl":"https:\/\/siminovitchprize.com\/wp-content\/uploads\/2016\/07\/simi_logo_horz2.png","articleSection":["News and Events"],"inLanguage":"fr-CA"},{"@type":"WebPage","@id":"https:\/\/siminovitchprize.com\/siminovitch-prize-foundation-and-national-arts-centre-announce-the-shortlist-for-the-2019-siminovitch-prize-in-directing\/","url":"https:\/\/siminovitchprize.com\/siminovitch-prize-foundation-and-national-arts-centre-announce-the-shortlist-for-the-2019-siminovitch-prize-in-directing\/","name":"Siminovitch Prize Foundation and National Arts Centre Announce the Shortlist for the 2019 Siminovitch Prize in Directing - Siminovitch Theatre Foundation","isPartOf":{"@id":"https:\/\/siminovitchprize.com\/#website"},"primaryImageOfPage":{"@id":"https:\/\/siminovitchprize.com\/siminovitch-prize-foundation-and-national-arts-centre-announce-the-shortlist-for-the-2019-siminovitch-prize-in-directing\/#primaryimage"},"image":{"@id":"https:\/\/siminovitchprize.com\/siminovitch-prize-foundation-and-national-arts-centre-announce-the-shortlist-for-the-2019-siminovitch-prize-in-directing\/#primaryimage"},"thumbnailUrl":"https:\/\/siminovitchprize.com\/wp-content\/uploads\/2016\/07\/simi_logo_horz2.png","datePublished":"2019-09-23T13:30:16+00:00","author":{"@id":"https:\/\/siminovitchprize.com\/#\/schema\/person\/cfc8c9b4fabdfa6cf8c2dcae8cddd9ed"},"breadcrumb":{"@id":"https:\/\/siminovitchprize.com\/siminovitch-prize-foundation-and-national-arts-centre-announce-the-shortlist-for-the-2019-siminovitch-prize-in-directing\/#breadcrumb"},"inLanguage":"fr-CA","potentialAction":[{"@type":"ReadAction","target":["https:\/\/siminovitchprize.com\/siminovitch-prize-foundation-and-national-arts-centre-announce-the-shortlist-for-the-2019-siminovitch-prize-in-directing\/"]}]},{"@type":"ImageObject","inLanguage":"fr-CA","@id":"https:\/\/siminovitchprize.com\/siminovitch-prize-foundation-and-national-arts-centre-announce-the-shortlist-for-the-2019-siminovitch-prize-in-directing\/#primaryimage","url":"https:\/\/siminovitchprize.com\/wp-content\/uploads\/2016\/07\/simi_logo_horz2.png","contentUrl":"https:\/\/siminovitchprize.com\/wp-content\/uploads\/2016\/07\/simi_logo_horz2.png","width":594,"height":371},{"@type":"BreadcrumbList","@id":"https:\/\/siminovitchprize.com\/siminovitch-prize-foundation-and-national-arts-centre-announce-the-shortlist-for-the-2019-siminovitch-prize-in-directing\/#breadcrumb","itemListElement":[{"@type":"ListItem","position":1,"name":"Home","item":"https:\/\/siminovitchprize.com\/"},{"@type":"ListItem","position":2,"name":"Siminovitch Prize Foundation and National Arts Centre Announce the Shortlist for the 2019 Siminovitch Prize in Directing"}]},{"@type":"WebSite","@id":"https:\/\/siminovitchprize.com\/#website","url":"https:\/\/siminovitchprize.com\/","name":"La Fondation de th\u00e9\u00e2tre Siminovitch","description":"Sublimant les artistes de th\u00e9\u00e2tre innovateurs du Canada","potentialAction":[{"@type":"SearchAction","target":{"@type":"EntryPoint","urlTemplate":"https:\/\/siminovitchprize.com\/?s={search_term_string}"},"query-input":{"@type":"PropertyValueSpecification","valueRequired":true,"valueName":"search_term_string"}}],"inLanguage":"fr-CA"},{"@type":"Person","@id":"https:\/\/siminovitchprize.com\/#\/schema\/person\/cfc8c9b4fabdfa6cf8c2dcae8cddd9ed","name":"siminovitchadmin","image":{"@type":"ImageObject","inLanguage":"fr-CA","@id":"https:\/\/secure.gravatar.com\/avatar\/66fd3bb88d02e422d36e9f0e1fc52b2ce6c59df6a12e91a59752d57569803035?s=96&d=mm&r=g","url":"https:\/\/secure.gravatar.com\/avatar\/66fd3bb88d02e422d36e9f0e1fc52b2ce6c59df6a12e91a59752d57569803035?s=96&d=mm&r=g","contentUrl":"https:\/\/secure.gravatar.com\/avatar\/66fd3bb88d02e422d36e9f0e1fc52b2ce6c59df6a12e91a59752d57569803035?s=96&d=mm&r=g","caption":"siminovitchadmin"},"sameAs":["https:\/\/siminovitchprize.com"]}]}},"_links":{"self":[{"href":"https:\/\/siminovitchprize.com\/fr\/wp-json\/wp\/v2\/posts\/15861","targetHints":{"allow":["GET"]}}],"collection":[{"href":"https:\/\/siminovitchprize.com\/fr\/wp-json\/wp\/v2\/posts"}],"about":[{"href":"https:\/\/siminovitchprize.com\/fr\/wp-json\/wp\/v2\/types\/post"}],"author":[{"embeddable":true,"href":"https:\/\/siminovitchprize.com\/fr\/wp-json\/wp\/v2\/users\/1"}],"replies":[{"embeddable":true,"href":"https:\/\/siminovitchprize.com\/fr\/wp-json\/wp\/v2\/comments?post=15861"}],"version-history":[{"count":0,"href":"https:\/\/siminovitchprize.com\/fr\/wp-json\/wp\/v2\/posts\/15861\/revisions"}],"wp:featuredmedia":[{"embeddable":true,"href":"https:\/\/siminovitchprize.com\/fr\/wp-json\/wp\/v2\/media\/77"}],"wp:attachment":[{"href":"https:\/\/siminovitchprize.com\/fr\/wp-json\/wp\/v2\/media?parent=15861"}],"wp:term":[{"taxonomy":"category","embeddable":true,"href":"https:\/\/siminovitchprize.com\/fr\/wp-json\/wp\/v2\/categories?post=15861"},{"taxonomy":"post_tag","embeddable":true,"href":"https:\/\/siminovitchprize.com\/fr\/wp-json\/wp\/v2\/tags?post=15861"}],"curies":[{"name":"wp","href":"https:\/\/api.w.org\/{rel}","templated":true}]}}