{"id":15945,"date":"2019-10-29T14:36:03","date_gmt":"2019-10-29T18:36:03","guid":{"rendered":"https:\/\/siminovitchprize.com\/?p=15945"},"modified":"2019-10-29T14:36:03","modified_gmt":"2019-10-29T18:36:03","slug":"a-celebration-of-the-finalists-for-the-2019-siminovitch-prize","status":"publish","type":"post","link":"https:\/\/siminovitchprize.com\/fr\/a-celebration-of-the-finalists-for-the-2019-siminovitch-prize\/","title":{"rendered":"A Celebration of the Finalists for the 2019 Siminovitch Prize"},"content":{"rendered":"<p>The Siminovitch Finalist Celebration was held at Hart House on October 28, 2019.  We look forward to celebrating further upon announcement of this year&#8217;s prize winner. The 2019 Laureate and Prot\u00e9g\u00e9 will be announced with a special prize ceremony at the National Arts Centre on\u00a0<strong>Thursday, November 21, 2018.<\/strong><\/p>\n\n\n\n<figure class=\"wp-block-image\"><img decoding=\"async\" src=\"https:\/\/siminovitchprize.com\/wp-content\/uploads\/2019\/10\/Siminovitch-Noms-19-1ts-T-Sandler-0067--1024x819.jpg\" alt=\"\" class=\"wp-image-15950\"\/><figcaption>Siminovitch Nominess 2019\nPhoto Tom Sandler<\/figcaption><\/figure>\n\n\n\n<figure class=\"wp-block-image\"><img decoding=\"async\" src=\"https:\/\/siminovitchprize.com\/wp-content\/uploads\/2019\/10\/Siminovitch-Noms-19-1ts-T-Sandler-0013-1-1-819x1024.jpg\" alt=\"\" class=\"wp-image-15948\"\/><figcaption>Siminovitch Nominess 2019\nPhoto Tom Sandler<\/figcaption><\/figure>\n\n\n\n<figure class=\"wp-block-image\"><img decoding=\"async\" src=\"https:\/\/siminovitchprize.com\/wp-content\/uploads\/2019\/10\/Siminovitch-Noms-19-1ts-T-Sandler-0006-1-1-819x1024.jpg\" alt=\"\" class=\"wp-image-15946\"\/><figcaption>Siminovitch Nominess 2019\nPhoto Tom Sandler<\/figcaption><\/figure>\n\n\n\n<figure class=\"wp-block-image\"><img decoding=\"async\" src=\"https:\/\/siminovitchprize.com\/wp-content\/uploads\/2019\/10\/Siminovitch-Noms-19-1ts-T-Sandler-0075-1-1-1024x819.jpg\" alt=\"\" class=\"wp-image-15952\"\/><figcaption>Siminovitch Nominess 2019\nPhoto Tom Sandler<\/figcaption><\/figure>\n\n\n\n<figure class=\"wp-block-image\"><img fetchpriority=\"high\" decoding=\"async\" width=\"1024\" height=\"819\" src=\"https:\/\/siminovitchprize.com\/wp-content\/uploads\/2019\/10\/Siminovitch-Noms-19-1ts-T-Sandler-0100--1024x819.jpg\" alt=\"\" class=\"wp-image-15954\" srcset=\"https:\/\/siminovitchprize.com\/wp-content\/uploads\/2019\/10\/Siminovitch-Noms-19-1ts-T-Sandler-0100--1024x819.jpg 1024w, https:\/\/siminovitchprize.com\/wp-content\/uploads\/2019\/10\/Siminovitch-Noms-19-1ts-T-Sandler-0100--300x240.jpg 300w, https:\/\/siminovitchprize.com\/wp-content\/uploads\/2019\/10\/Siminovitch-Noms-19-1ts-T-Sandler-0100--768x614.jpg 768w, https:\/\/siminovitchprize.com\/wp-content\/uploads\/2019\/10\/Siminovitch-Noms-19-1ts-T-Sandler-0100--1536x1229.jpg 1536w, https:\/\/siminovitchprize.com\/wp-content\/uploads\/2019\/10\/Siminovitch-Noms-19-1ts-T-Sandler-0100--2048x1638.jpg 2048w\" sizes=\"(max-width: 1024px) 100vw, 1024px\" \/><\/figure>","protected":false},"excerpt":{"rendered":"<p>The Siminovitch Finalist Celebration was held at Hart House on October 28, 2019. We look forward to celebrating further upon announcement of this year&#8217;s prize winner. The 2019 Laureate and Prot\u00e9g\u00e9 will be announced with a special prize ceremony at the National Arts Centre on\u00a0Thursday, November 21, 2018.<\/p>","protected":false},"author":1,"featured_media":0,"comment_status":"closed","ping_status":"open","sticky":false,"template":"","format":"standard","meta":{"_acf_changed":false,"footnotes":""},"categories":[57],"tags":[],"class_list":["post-15945","post","type-post","status-publish","format-standard","hentry","category-news"],"acf":[],"yoast_head":"<!-- This site is optimized with the Yoast SEO plugin v27.4 - https:\/\/yoast.com\/product\/yoast-seo-wordpress\/ -->\n<title>A Celebration of the Finalists for the 2019 Siminovitch Prize - Siminovitch Theatre Foundation<\/title>\n<meta name=\"robots\" content=\"index, follow, max-snippet:-1, max-image-preview:large, max-video-preview:-1\" \/>\n<link rel=\"canonical\" href=\"https:\/\/siminovitchprize.com\/fr\/a-celebration-of-the-finalists-for-the-2019-siminovitch-prize\/\" \/>\n<meta property=\"og:locale\" content=\"fr_CA\" \/>\n<meta property=\"og:type\" content=\"article\" \/>\n<meta property=\"og:title\" content=\"A Celebration of the Finalists for the 2019 Siminovitch Prize - Siminovitch Theatre Foundation\" \/>\n<meta property=\"og:description\" content=\"The Siminovitch Finalist Celebration was held at Hart House on October 28, 2019. We look forward to celebrating further upon announcement of this year&#8217;s prize winner. The 2019 Laureate and Prot\u00e9g\u00e9 will be announced with a special prize ceremony at the National Arts Centre on\u00a0Thursday, November 21, 2018.\" \/>\n<meta property=\"og:url\" content=\"https:\/\/siminovitchprize.com\/fr\/a-celebration-of-the-finalists-for-the-2019-siminovitch-prize\/\" \/>\n<meta property=\"og:site_name\" content=\"Siminovitch Theatre Foundation\" \/>\n<meta property=\"article:published_time\" content=\"2019-10-29T18:36:03+00:00\" \/>\n<meta property=\"og:image\" content=\"https:\/\/siminovitchprize.com\/wp-content\/uploads\/2019\/10\/Siminovitch-Noms-19-1ts-T-Sandler-0067--1024x819.jpg\" \/>\n<meta name=\"author\" content=\"siminovitchadmin\" \/>\n<meta name=\"twitter:card\" content=\"summary_large_image\" \/>\n<meta name=\"twitter:label1\" content=\"\u00c9crit par\" \/>\n\t<meta name=\"twitter:data1\" content=\"siminovitchadmin\" \/>\n<script type=\"application\/ld+json\" class=\"yoast-schema-graph\">{\"@context\":\"https:\\\/\\\/schema.org\",\"@graph\":[{\"@type\":\"Article\",\"@id\":\"https:\\\/\\\/siminovitchprize.com\\\/a-celebration-of-the-finalists-for-the-2019-siminovitch-prize\\\/#article\",\"isPartOf\":{\"@id\":\"https:\\\/\\\/siminovitchprize.com\\\/a-celebration-of-the-finalists-for-the-2019-siminovitch-prize\\\/\"},\"author\":{\"name\":\"siminovitchadmin\",\"@id\":\"https:\\\/\\\/siminovitchprize.com\\\/#\\\/schema\\\/person\\\/cfc8c9b4fabdfa6cf8c2dcae8cddd9ed\"},\"headline\":\"A Celebration of the Finalists for the 2019 Siminovitch Prize\",\"datePublished\":\"2019-10-29T18:36:03+00:00\",\"mainEntityOfPage\":{\"@id\":\"https:\\\/\\\/siminovitchprize.com\\\/a-celebration-of-the-finalists-for-the-2019-siminovitch-prize\\\/\"},\"wordCount\":75,\"image\":{\"@id\":\"https:\\\/\\\/siminovitchprize.com\\\/a-celebration-of-the-finalists-for-the-2019-siminovitch-prize\\\/#primaryimage\"},\"thumbnailUrl\":\"https:\\\/\\\/siminovitchprize.com\\\/wp-content\\\/uploads\\\/2019\\\/10\\\/Siminovitch-Noms-19-1ts-T-Sandler-0067--1024x819.jpg\",\"articleSection\":[\"News and Events\"],\"inLanguage\":\"fr-CA\"},{\"@type\":\"WebPage\",\"@id\":\"https:\\\/\\\/siminovitchprize.com\\\/a-celebration-of-the-finalists-for-the-2019-siminovitch-prize\\\/\",\"url\":\"https:\\\/\\\/siminovitchprize.com\\\/a-celebration-of-the-finalists-for-the-2019-siminovitch-prize\\\/\",\"name\":\"A Celebration of the Finalists for the 2019 Siminovitch Prize - Siminovitch Theatre Foundation\",\"isPartOf\":{\"@id\":\"https:\\\/\\\/siminovitchprize.com\\\/#website\"},\"primaryImageOfPage\":{\"@id\":\"https:\\\/\\\/siminovitchprize.com\\\/a-celebration-of-the-finalists-for-the-2019-siminovitch-prize\\\/#primaryimage\"},\"image\":{\"@id\":\"https:\\\/\\\/siminovitchprize.com\\\/a-celebration-of-the-finalists-for-the-2019-siminovitch-prize\\\/#primaryimage\"},\"thumbnailUrl\":\"https:\\\/\\\/siminovitchprize.com\\\/wp-content\\\/uploads\\\/2019\\\/10\\\/Siminovitch-Noms-19-1ts-T-Sandler-0067--1024x819.jpg\",\"datePublished\":\"2019-10-29T18:36:03+00:00\",\"author\":{\"@id\":\"https:\\\/\\\/siminovitchprize.com\\\/#\\\/schema\\\/person\\\/cfc8c9b4fabdfa6cf8c2dcae8cddd9ed\"},\"breadcrumb\":{\"@id\":\"https:\\\/\\\/siminovitchprize.com\\\/a-celebration-of-the-finalists-for-the-2019-siminovitch-prize\\\/#breadcrumb\"},\"inLanguage\":\"fr-CA\",\"potentialAction\":[{\"@type\":\"ReadAction\",\"target\":[\"https:\\\/\\\/siminovitchprize.com\\\/a-celebration-of-the-finalists-for-the-2019-siminovitch-prize\\\/\"]}]},{\"@type\":\"ImageObject\",\"inLanguage\":\"fr-CA\",\"@id\":\"https:\\\/\\\/siminovitchprize.com\\\/a-celebration-of-the-finalists-for-the-2019-siminovitch-prize\\\/#primaryimage\",\"url\":\"https:\\\/\\\/siminovitchprize.com\\\/wp-content\\\/uploads\\\/2019\\\/10\\\/Siminovitch-Noms-19-1ts-T-Sandler-0067--1024x819.jpg\",\"contentUrl\":\"https:\\\/\\\/siminovitchprize.com\\\/wp-content\\\/uploads\\\/2019\\\/10\\\/Siminovitch-Noms-19-1ts-T-Sandler-0067--1024x819.jpg\"},{\"@type\":\"BreadcrumbList\",\"@id\":\"https:\\\/\\\/siminovitchprize.com\\\/a-celebration-of-the-finalists-for-the-2019-siminovitch-prize\\\/#breadcrumb\",\"itemListElement\":[{\"@type\":\"ListItem\",\"position\":1,\"name\":\"Home\",\"item\":\"https:\\\/\\\/siminovitchprize.com\\\/\"},{\"@type\":\"ListItem\",\"position\":2,\"name\":\"A Celebration of the Finalists for the 2019 Siminovitch Prize\"}]},{\"@type\":\"WebSite\",\"@id\":\"https:\\\/\\\/siminovitchprize.com\\\/#website\",\"url\":\"https:\\\/\\\/siminovitchprize.com\\\/\",\"name\":\"Siminovitch Theatre Foundation\",\"description\":\"Uplifting Canada\u2019s Groundbreaking Theatre Artists\",\"potentialAction\":[{\"@type\":\"SearchAction\",\"target\":{\"@type\":\"EntryPoint\",\"urlTemplate\":\"https:\\\/\\\/siminovitchprize.com\\\/?s={search_term_string}\"},\"query-input\":{\"@type\":\"PropertyValueSpecification\",\"valueRequired\":true,\"valueName\":\"search_term_string\"}}],\"inLanguage\":\"fr-CA\"},{\"@type\":\"Person\",\"@id\":\"https:\\\/\\\/siminovitchprize.com\\\/#\\\/schema\\\/person\\\/cfc8c9b4fabdfa6cf8c2dcae8cddd9ed\",\"name\":\"siminovitchadmin\",\"image\":{\"@type\":\"ImageObject\",\"inLanguage\":\"fr-CA\",\"@id\":\"https:\\\/\\\/secure.gravatar.com\\\/avatar\\\/66fd3bb88d02e422d36e9f0e1fc52b2ce6c59df6a12e91a59752d57569803035?s=96&d=mm&r=g\",\"url\":\"https:\\\/\\\/secure.gravatar.com\\\/avatar\\\/66fd3bb88d02e422d36e9f0e1fc52b2ce6c59df6a12e91a59752d57569803035?s=96&d=mm&r=g\",\"contentUrl\":\"https:\\\/\\\/secure.gravatar.com\\\/avatar\\\/66fd3bb88d02e422d36e9f0e1fc52b2ce6c59df6a12e91a59752d57569803035?s=96&d=mm&r=g\",\"caption\":\"siminovitchadmin\"},\"sameAs\":[\"https:\\\/\\\/siminovitchprize.com\"]}]}<\/script>\n<!-- \/ Yoast SEO plugin. -->","yoast_head_json":{"title":"A Celebration of the Finalists for the 2019 Siminovitch Prize - Siminovitch Theatre Foundation","robots":{"index":"index","follow":"follow","max-snippet":"max-snippet:-1","max-image-preview":"max-image-preview:large","max-video-preview":"max-video-preview:-1"},"canonical":"https:\/\/siminovitchprize.com\/fr\/a-celebration-of-the-finalists-for-the-2019-siminovitch-prize\/","og_locale":"fr_CA","og_type":"article","og_title":"A Celebration of the Finalists for the 2019 Siminovitch Prize - Siminovitch Theatre Foundation","og_description":"The Siminovitch Finalist Celebration was held at Hart House on October 28, 2019. We look forward to celebrating further upon announcement of this year&#8217;s prize winner. The 2019 Laureate and Prot\u00e9g\u00e9 will be announced with a special prize ceremony at the National Arts Centre on\u00a0Thursday, November 21, 2018.","og_url":"https:\/\/siminovitchprize.com\/fr\/a-celebration-of-the-finalists-for-the-2019-siminovitch-prize\/","og_site_name":"Siminovitch Theatre Foundation","article_published_time":"2019-10-29T18:36:03+00:00","og_image":[{"url":"https:\/\/siminovitchprize.com\/wp-content\/uploads\/2019\/10\/Siminovitch-Noms-19-1ts-T-Sandler-0067--1024x819.jpg","type":"","width":"","height":""}],"author":"siminovitchadmin","twitter_card":"summary_large_image","twitter_misc":{"\u00c9crit par":"siminovitchadmin"},"schema":{"@context":"https:\/\/schema.org","@graph":[{"@type":"Article","@id":"https:\/\/siminovitchprize.com\/a-celebration-of-the-finalists-for-the-2019-siminovitch-prize\/#article","isPartOf":{"@id":"https:\/\/siminovitchprize.com\/a-celebration-of-the-finalists-for-the-2019-siminovitch-prize\/"},"author":{"name":"siminovitchadmin","@id":"https:\/\/siminovitchprize.com\/#\/schema\/person\/cfc8c9b4fabdfa6cf8c2dcae8cddd9ed"},"headline":"A Celebration of the Finalists for the 2019 Siminovitch Prize","datePublished":"2019-10-29T18:36:03+00:00","mainEntityOfPage":{"@id":"https:\/\/siminovitchprize.com\/a-celebration-of-the-finalists-for-the-2019-siminovitch-prize\/"},"wordCount":75,"image":{"@id":"https:\/\/siminovitchprize.com\/a-celebration-of-the-finalists-for-the-2019-siminovitch-prize\/#primaryimage"},"thumbnailUrl":"https:\/\/siminovitchprize.com\/wp-content\/uploads\/2019\/10\/Siminovitch-Noms-19-1ts-T-Sandler-0067--1024x819.jpg","articleSection":["News and Events"],"inLanguage":"fr-CA"},{"@type":"WebPage","@id":"https:\/\/siminovitchprize.com\/a-celebration-of-the-finalists-for-the-2019-siminovitch-prize\/","url":"https:\/\/siminovitchprize.com\/a-celebration-of-the-finalists-for-the-2019-siminovitch-prize\/","name":"A Celebration of the Finalists for the 2019 Siminovitch Prize - Siminovitch Theatre Foundation","isPartOf":{"@id":"https:\/\/siminovitchprize.com\/#website"},"primaryImageOfPage":{"@id":"https:\/\/siminovitchprize.com\/a-celebration-of-the-finalists-for-the-2019-siminovitch-prize\/#primaryimage"},"image":{"@id":"https:\/\/siminovitchprize.com\/a-celebration-of-the-finalists-for-the-2019-siminovitch-prize\/#primaryimage"},"thumbnailUrl":"https:\/\/siminovitchprize.com\/wp-content\/uploads\/2019\/10\/Siminovitch-Noms-19-1ts-T-Sandler-0067--1024x819.jpg","datePublished":"2019-10-29T18:36:03+00:00","author":{"@id":"https:\/\/siminovitchprize.com\/#\/schema\/person\/cfc8c9b4fabdfa6cf8c2dcae8cddd9ed"},"breadcrumb":{"@id":"https:\/\/siminovitchprize.com\/a-celebration-of-the-finalists-for-the-2019-siminovitch-prize\/#breadcrumb"},"inLanguage":"fr-CA","potentialAction":[{"@type":"ReadAction","target":["https:\/\/siminovitchprize.com\/a-celebration-of-the-finalists-for-the-2019-siminovitch-prize\/"]}]},{"@type":"ImageObject","inLanguage":"fr-CA","@id":"https:\/\/siminovitchprize.com\/a-celebration-of-the-finalists-for-the-2019-siminovitch-prize\/#primaryimage","url":"https:\/\/siminovitchprize.com\/wp-content\/uploads\/2019\/10\/Siminovitch-Noms-19-1ts-T-Sandler-0067--1024x819.jpg","contentUrl":"https:\/\/siminovitchprize.com\/wp-content\/uploads\/2019\/10\/Siminovitch-Noms-19-1ts-T-Sandler-0067--1024x819.jpg"},{"@type":"BreadcrumbList","@id":"https:\/\/siminovitchprize.com\/a-celebration-of-the-finalists-for-the-2019-siminovitch-prize\/#breadcrumb","itemListElement":[{"@type":"ListItem","position":1,"name":"Home","item":"https:\/\/siminovitchprize.com\/"},{"@type":"ListItem","position":2,"name":"A Celebration of the Finalists for the 2019 Siminovitch Prize"}]},{"@type":"WebSite","@id":"https:\/\/siminovitchprize.com\/#website","url":"https:\/\/siminovitchprize.com\/","name":"La Fondation de th\u00e9\u00e2tre Siminovitch","description":"Sublimant les artistes de th\u00e9\u00e2tre innovateurs du Canada","potentialAction":[{"@type":"SearchAction","target":{"@type":"EntryPoint","urlTemplate":"https:\/\/siminovitchprize.com\/?s={search_term_string}"},"query-input":{"@type":"PropertyValueSpecification","valueRequired":true,"valueName":"search_term_string"}}],"inLanguage":"fr-CA"},{"@type":"Person","@id":"https:\/\/siminovitchprize.com\/#\/schema\/person\/cfc8c9b4fabdfa6cf8c2dcae8cddd9ed","name":"siminovitchadmin","image":{"@type":"ImageObject","inLanguage":"fr-CA","@id":"https:\/\/secure.gravatar.com\/avatar\/66fd3bb88d02e422d36e9f0e1fc52b2ce6c59df6a12e91a59752d57569803035?s=96&d=mm&r=g","url":"https:\/\/secure.gravatar.com\/avatar\/66fd3bb88d02e422d36e9f0e1fc52b2ce6c59df6a12e91a59752d57569803035?s=96&d=mm&r=g","contentUrl":"https:\/\/secure.gravatar.com\/avatar\/66fd3bb88d02e422d36e9f0e1fc52b2ce6c59df6a12e91a59752d57569803035?s=96&d=mm&r=g","caption":"siminovitchadmin"},"sameAs":["https:\/\/siminovitchprize.com"]}]}},"_links":{"self":[{"href":"https:\/\/siminovitchprize.com\/fr\/wp-json\/wp\/v2\/posts\/15945","targetHints":{"allow":["GET"]}}],"collection":[{"href":"https:\/\/siminovitchprize.com\/fr\/wp-json\/wp\/v2\/posts"}],"about":[{"href":"https:\/\/siminovitchprize.com\/fr\/wp-json\/wp\/v2\/types\/post"}],"author":[{"embeddable":true,"href":"https:\/\/siminovitchprize.com\/fr\/wp-json\/wp\/v2\/users\/1"}],"replies":[{"embeddable":true,"href":"https:\/\/siminovitchprize.com\/fr\/wp-json\/wp\/v2\/comments?post=15945"}],"version-history":[{"count":0,"href":"https:\/\/siminovitchprize.com\/fr\/wp-json\/wp\/v2\/posts\/15945\/revisions"}],"wp:attachment":[{"href":"https:\/\/siminovitchprize.com\/fr\/wp-json\/wp\/v2\/media?parent=15945"}],"wp:term":[{"taxonomy":"category","embeddable":true,"href":"https:\/\/siminovitchprize.com\/fr\/wp-json\/wp\/v2\/categories?post=15945"},{"taxonomy":"post_tag","embeddable":true,"href":"https:\/\/siminovitchprize.com\/fr\/wp-json\/wp\/v2\/tags?post=15945"}],"curies":[{"name":"wp","href":"https:\/\/api.w.org\/{rel}","templated":true}]}}