{"id":16701,"date":"2021-03-02T11:26:13","date_gmt":"2021-03-02T16:26:13","guid":{"rendered":"https:\/\/siminovitchprize.com\/?p=16701"},"modified":"2023-10-02T20:03:19","modified_gmt":"2023-10-02T20:03:19","slug":"world-theatre-day","status":"publish","type":"post","link":"https:\/\/siminovitchprize.com\/fr\/world-theatre-day\/","title":{"rendered":"Journ\u00e9e mondiale du th\u00e9\u00e2tre"},"content":{"rendered":"<p>\u00c0 l\u2019occasion de la Journ\u00e9e mondiale du th\u00e9\u00e2tre, joignez-vous aux cr\u00e9ateurs et aux amateurs de th\u00e9\u00e2tre pour une conversation \u00e9difiante sur les innovations num\u00e9riques qui ont lieu alors que les th\u00e9\u00e2tres sont dans l\u2019obscurit\u00e9.<\/p>\n<p>Ce sera une exp\u00e9rience sociale et une chance de rencontrer des amis et des coll\u00e8gues (anciens et nouveaux) comme vous le feriez dans le foyer avant, apr\u00e8s et pendant les entractes d\u2019un grand spectacle. Une table ronde avec mod\u00e9rateur sera suivie de conversations en petits groupes.<\/p>\n<h3><strong>Avec<\/strong><\/h3>\n<p><span style=\"font-size: 24px;\"><strong><img decoding=\"async\" class=\"alignleft wp-image-19876 size-thumbnail\" src=\"https:\/\/siminovitchprize.com\/wp-content\/uploads\/2021\/03\/Jay-Baruchel-1-150x150.jpg\" alt=\"\" width=\"150\" height=\"150\" srcset=\"https:\/\/siminovitchprize.com\/wp-content\/uploads\/2021\/03\/Jay-Baruchel-1-150x150.jpg 150w, https:\/\/siminovitchprize.com\/wp-content\/uploads\/2021\/03\/Jay-Baruchel-1-300x300.jpg 300w, https:\/\/siminovitchprize.com\/wp-content\/uploads\/2021\/03\/Jay-Baruchel-1-768x768.jpg 768w, https:\/\/siminovitchprize.com\/wp-content\/uploads\/2021\/03\/Jay-Baruchel-1-700x700.jpg 700w, https:\/\/siminovitchprize.com\/wp-content\/uploads\/2021\/03\/Jay-Baruchel-1-500x500.jpg 500w, https:\/\/siminovitchprize.com\/wp-content\/uploads\/2021\/03\/Jay-Baruchel-1.jpg 1000w\" sizes=\"(max-width: 150px) 100vw, 150px\" \/>Jay Baruchel<br \/>\n<\/strong><\/span><strong> acteur, r\u00e9alisateur et sc\u00e9nariste <\/strong><\/p>\n<p>&nbsp;<\/p>\n<p>&nbsp;<\/p>\n<p>&nbsp;<\/p>\n<p><span style=\"font-size: 24px;\"><strong><img decoding=\"async\" class=\"alignleft wp-image-19875 size-thumbnail\" src=\"https:\/\/siminovitchprize.com\/wp-content\/uploads\/2021\/03\/Laurence-Dauphinais-1-150x150.jpg\" alt=\"\" width=\"150\" height=\"150\" srcset=\"https:\/\/siminovitchprize.com\/wp-content\/uploads\/2021\/03\/Laurence-Dauphinais-1-150x150.jpg 150w, https:\/\/siminovitchprize.com\/wp-content\/uploads\/2021\/03\/Laurence-Dauphinais-1-300x300.jpg 300w, https:\/\/siminovitchprize.com\/wp-content\/uploads\/2021\/03\/Laurence-Dauphinais-1-768x768.jpg 768w, https:\/\/siminovitchprize.com\/wp-content\/uploads\/2021\/03\/Laurence-Dauphinais-1-700x700.jpg 700w, https:\/\/siminovitchprize.com\/wp-content\/uploads\/2021\/03\/Laurence-Dauphinais-1-500x500.jpg 500w, https:\/\/siminovitchprize.com\/wp-content\/uploads\/2021\/03\/Laurence-Dauphinais-1.jpg 1000w\" sizes=\"(max-width: 150px) 100vw, 150px\" \/>Laurence Dauphinais<br \/>\n<\/strong><\/span><strong> cr\u00e9atrice de th\u00e9\u00e2tre et collaboratrice artistique, La Messe Basse <\/strong><\/p>\n<p>&nbsp;<\/p>\n<p>&nbsp;<\/p>\n<p>&nbsp;<\/p>\n<p><span style=\"font-size: 24px;\"><strong><img decoding=\"async\" class=\"alignleft wp-image-19874 size-thumbnail\" src=\"https:\/\/siminovitchprize.com\/wp-content\/uploads\/2021\/03\/Sebastien-Ebacher-1-150x150.jpg\" alt=\"\" width=\"150\" height=\"150\" srcset=\"https:\/\/siminovitchprize.com\/wp-content\/uploads\/2021\/03\/Sebastien-Ebacher-1-150x150.jpg 150w, https:\/\/siminovitchprize.com\/wp-content\/uploads\/2021\/03\/Sebastien-Ebacher-1-300x300.jpg 300w, https:\/\/siminovitchprize.com\/wp-content\/uploads\/2021\/03\/Sebastien-Ebacher-1-768x768.jpg 768w, https:\/\/siminovitchprize.com\/wp-content\/uploads\/2021\/03\/Sebastien-Ebacher-1-700x700.jpg 700w, https:\/\/siminovitchprize.com\/wp-content\/uploads\/2021\/03\/Sebastien-Ebacher-1-500x500.jpg 500w, https:\/\/siminovitchprize.com\/wp-content\/uploads\/2021\/03\/Sebastien-Ebacher-1.jpg 1000w\" sizes=\"(max-width: 150px) 100vw, 150px\" \/>Sebastien Ebacher<br \/>\n<\/strong><\/span><strong> fondateur\/directeur de cr\u00e9ation, arnoovo et producteur principal, Ubisoft<\/strong><\/p>\n<p>&nbsp;<\/p>\n<p>&nbsp;<\/p>\n<p>&nbsp;<\/p>\n<p><span style=\"font-size: 24px;\"><strong><img loading=\"lazy\" decoding=\"async\" class=\"alignleft wp-image-19873 size-thumbnail\" src=\"https:\/\/siminovitchprize.com\/wp-content\/uploads\/2021\/03\/Sebastien-Heins-1-150x150.jpg\" alt=\"\" width=\"150\" height=\"150\" srcset=\"https:\/\/siminovitchprize.com\/wp-content\/uploads\/2021\/03\/Sebastien-Heins-1-150x150.jpg 150w, https:\/\/siminovitchprize.com\/wp-content\/uploads\/2021\/03\/Sebastien-Heins-1-300x300.jpg 300w, https:\/\/siminovitchprize.com\/wp-content\/uploads\/2021\/03\/Sebastien-Heins-1-768x768.jpg 768w, https:\/\/siminovitchprize.com\/wp-content\/uploads\/2021\/03\/Sebastien-Heins-1-700x700.jpg 700w, https:\/\/siminovitchprize.com\/wp-content\/uploads\/2021\/03\/Sebastien-Heins-1-500x500.jpg 500w, https:\/\/siminovitchprize.com\/wp-content\/uploads\/2021\/03\/Sebastien-Heins-1.jpg 1000w\" sizes=\"(max-width: 150px) 100vw, 150px\" \/>S\u00e9bastien Heins<br \/>\n<\/strong><\/span><strong>directeur artistique associ\u00e9, Outside the March<\/strong><\/p>\n<p>&nbsp;<\/p>\n<p>&nbsp;<\/p>\n<p>&nbsp;<\/p>\n<p><span style=\"font-size: 24px;\"><strong><img loading=\"lazy\" decoding=\"async\" class=\"alignleft wp-image-19871 size-thumbnail\" src=\"https:\/\/siminovitchprize.com\/wp-content\/uploads\/2021\/03\/Heather-Redfern-1-150x150.jpg\" alt=\"\" width=\"150\" height=\"150\" srcset=\"https:\/\/siminovitchprize.com\/wp-content\/uploads\/2021\/03\/Heather-Redfern-1-150x150.jpg 150w, https:\/\/siminovitchprize.com\/wp-content\/uploads\/2021\/03\/Heather-Redfern-1-300x300.jpg 300w, https:\/\/siminovitchprize.com\/wp-content\/uploads\/2021\/03\/Heather-Redfern-1-768x768.jpg 768w, https:\/\/siminovitchprize.com\/wp-content\/uploads\/2021\/03\/Heather-Redfern-1-700x700.jpg 700w, https:\/\/siminovitchprize.com\/wp-content\/uploads\/2021\/03\/Heather-Redfern-1-500x500.jpg 500w, https:\/\/siminovitchprize.com\/wp-content\/uploads\/2021\/03\/Heather-Redfern-1.jpg 1000w\" sizes=\"(max-width: 150px) 100vw, 150px\" \/>Heather Redfern<br \/>\n<\/strong><\/span><strong>directrice ex\u00e9cutive, The Cultch<\/strong><\/p>\n<p>&nbsp;<\/p>\n<p>&nbsp;<\/p>\n<p>&nbsp;<\/p>\n<p>The Siminovitch Forum, produced by Andrew Shaver,\u00a0is a new event series stimulating dialogue on theatre innovation.<\/p>\n<h2>Supported by<\/h2>\n<p><img loading=\"lazy\" decoding=\"async\" class=\"alignleft wp-image-16723\" src=\"https:\/\/siminovitchprize.com\/wp-content\/uploads\/2021\/03\/Tricon_mclean-smits.png\" alt=\"\" width=\"471\" height=\"100\" srcset=\"https:\/\/siminovitchprize.com\/wp-content\/uploads\/2021\/03\/Tricon_mclean-smits.png 768w, https:\/\/siminovitchprize.com\/wp-content\/uploads\/2021\/03\/Tricon_mclean-smits-300x64.png 300w\" sizes=\"(max-width: 471px) 100vw, 471px\" \/><\/p>","protected":false},"excerpt":{"rendered":"<p>On World Theatre Day, join theatre-makers and theatre-fans for an uplifting conversation about the digital innovations that are taking place while theatres are dark. This will be a social experience, and a chance to connect with friends and colleagues (old and new) like you would in the lobby before, after, and in the intermissions of [&hellip;]<\/p>\n","protected":false},"author":1,"featured_media":16746,"comment_status":"closed","ping_status":"open","sticky":false,"template":"","format":"standard","meta":{"_acf_changed":false,"footnotes":""},"categories":[57],"tags":[],"class_list":["post-16701","post","type-post","status-publish","format-standard","has-post-thumbnail","hentry","category-news"],"acf":[],"yoast_head":"<!-- This site is optimized with the Yoast SEO plugin v27.4 - https:\/\/yoast.com\/product\/yoast-seo-wordpress\/ -->\n<title>World Theatre Day - Siminovitch Theatre Foundation<\/title>\n<meta name=\"robots\" content=\"index, follow, max-snippet:-1, max-image-preview:large, max-video-preview:-1\" \/>\n<link rel=\"canonical\" href=\"https:\/\/siminovitchprize.com\/fr\/world-theatre-day\/\" \/>\n<meta property=\"og:locale\" content=\"fr_CA\" \/>\n<meta property=\"og:type\" content=\"article\" \/>\n<meta property=\"og:title\" content=\"World Theatre Day - Siminovitch Theatre Foundation\" \/>\n<meta property=\"og:description\" content=\"On World Theatre Day, join theatre-makers and theatre-fans for an uplifting conversation about the digital innovations that are taking place while theatres are dark. This will be a social experience, and a chance to connect with friends and colleagues (old and new) like you would in the lobby before, after, and in the intermissions of [&hellip;]\" \/>\n<meta property=\"og:url\" content=\"https:\/\/siminovitchprize.com\/fr\/world-theatre-day\/\" \/>\n<meta property=\"og:site_name\" content=\"Siminovitch Theatre Foundation\" \/>\n<meta property=\"article:published_time\" content=\"2021-03-02T16:26:13+00:00\" \/>\n<meta property=\"article:modified_time\" content=\"2023-10-02T20:03:19+00:00\" \/>\n<meta property=\"og:image\" content=\"https:\/\/siminovitchprize.com\/wp-content\/uploads\/2021\/03\/forum_eventbrite_EN_final_030421.jpg\" \/>\n\t<meta property=\"og:image:width\" content=\"2160\" \/>\n\t<meta property=\"og:image:height\" content=\"1080\" \/>\n\t<meta property=\"og:image:type\" content=\"image\/jpeg\" \/>\n<meta name=\"author\" content=\"siminovitchadmin\" \/>\n<meta name=\"twitter:card\" content=\"summary_large_image\" \/>\n<meta name=\"twitter:label1\" content=\"\u00c9crit par\" \/>\n\t<meta name=\"twitter:data1\" content=\"siminovitchadmin\" \/>\n\t<meta name=\"twitter:label2\" content=\"Estimation du temps de lecture\" \/>\n\t<meta name=\"twitter:data2\" content=\"2 minutes\" \/>\n<script type=\"application\/ld+json\" class=\"yoast-schema-graph\">{\"@context\":\"https:\\\/\\\/schema.org\",\"@graph\":[{\"@type\":\"Article\",\"@id\":\"https:\\\/\\\/siminovitchprize.com\\\/world-theatre-day\\\/#article\",\"isPartOf\":{\"@id\":\"https:\\\/\\\/siminovitchprize.com\\\/world-theatre-day\\\/\"},\"author\":{\"name\":\"siminovitchadmin\",\"@id\":\"https:\\\/\\\/siminovitchprize.com\\\/#\\\/schema\\\/person\\\/cfc8c9b4fabdfa6cf8c2dcae8cddd9ed\"},\"headline\":\"World Theatre Day\",\"datePublished\":\"2021-03-02T16:26:13+00:00\",\"dateModified\":\"2023-10-02T20:03:19+00:00\",\"mainEntityOfPage\":{\"@id\":\"https:\\\/\\\/siminovitchprize.com\\\/world-theatre-day\\\/\"},\"wordCount\":148,\"image\":{\"@id\":\"https:\\\/\\\/siminovitchprize.com\\\/world-theatre-day\\\/#primaryimage\"},\"thumbnailUrl\":\"https:\\\/\\\/siminovitchprize.com\\\/wp-content\\\/uploads\\\/2021\\\/03\\\/forum_eventbrite_EN_final_030421.jpg\",\"articleSection\":[\"News and Events\"],\"inLanguage\":\"fr-CA\"},{\"@type\":\"WebPage\",\"@id\":\"https:\\\/\\\/siminovitchprize.com\\\/world-theatre-day\\\/\",\"url\":\"https:\\\/\\\/siminovitchprize.com\\\/world-theatre-day\\\/\",\"name\":\"World Theatre Day - Siminovitch Theatre Foundation\",\"isPartOf\":{\"@id\":\"https:\\\/\\\/siminovitchprize.com\\\/#website\"},\"primaryImageOfPage\":{\"@id\":\"https:\\\/\\\/siminovitchprize.com\\\/world-theatre-day\\\/#primaryimage\"},\"image\":{\"@id\":\"https:\\\/\\\/siminovitchprize.com\\\/world-theatre-day\\\/#primaryimage\"},\"thumbnailUrl\":\"https:\\\/\\\/siminovitchprize.com\\\/wp-content\\\/uploads\\\/2021\\\/03\\\/forum_eventbrite_EN_final_030421.jpg\",\"datePublished\":\"2021-03-02T16:26:13+00:00\",\"dateModified\":\"2023-10-02T20:03:19+00:00\",\"author\":{\"@id\":\"https:\\\/\\\/siminovitchprize.com\\\/#\\\/schema\\\/person\\\/cfc8c9b4fabdfa6cf8c2dcae8cddd9ed\"},\"breadcrumb\":{\"@id\":\"https:\\\/\\\/siminovitchprize.com\\\/world-theatre-day\\\/#breadcrumb\"},\"inLanguage\":\"fr-CA\",\"potentialAction\":[{\"@type\":\"ReadAction\",\"target\":[\"https:\\\/\\\/siminovitchprize.com\\\/world-theatre-day\\\/\"]}]},{\"@type\":\"ImageObject\",\"inLanguage\":\"fr-CA\",\"@id\":\"https:\\\/\\\/siminovitchprize.com\\\/world-theatre-day\\\/#primaryimage\",\"url\":\"https:\\\/\\\/siminovitchprize.com\\\/wp-content\\\/uploads\\\/2021\\\/03\\\/forum_eventbrite_EN_final_030421.jpg\",\"contentUrl\":\"https:\\\/\\\/siminovitchprize.com\\\/wp-content\\\/uploads\\\/2021\\\/03\\\/forum_eventbrite_EN_final_030421.jpg\",\"width\":2160,\"height\":1080},{\"@type\":\"BreadcrumbList\",\"@id\":\"https:\\\/\\\/siminovitchprize.com\\\/world-theatre-day\\\/#breadcrumb\",\"itemListElement\":[{\"@type\":\"ListItem\",\"position\":1,\"name\":\"Home\",\"item\":\"https:\\\/\\\/siminovitchprize.com\\\/\"},{\"@type\":\"ListItem\",\"position\":2,\"name\":\"World Theatre Day\"}]},{\"@type\":\"WebSite\",\"@id\":\"https:\\\/\\\/siminovitchprize.com\\\/#website\",\"url\":\"https:\\\/\\\/siminovitchprize.com\\\/\",\"name\":\"Siminovitch Theatre Foundation\",\"description\":\"Uplifting Canada\u2019s Groundbreaking Theatre Artists\",\"potentialAction\":[{\"@type\":\"SearchAction\",\"target\":{\"@type\":\"EntryPoint\",\"urlTemplate\":\"https:\\\/\\\/siminovitchprize.com\\\/?s={search_term_string}\"},\"query-input\":{\"@type\":\"PropertyValueSpecification\",\"valueRequired\":true,\"valueName\":\"search_term_string\"}}],\"inLanguage\":\"fr-CA\"},{\"@type\":\"Person\",\"@id\":\"https:\\\/\\\/siminovitchprize.com\\\/#\\\/schema\\\/person\\\/cfc8c9b4fabdfa6cf8c2dcae8cddd9ed\",\"name\":\"siminovitchadmin\",\"image\":{\"@type\":\"ImageObject\",\"inLanguage\":\"fr-CA\",\"@id\":\"https:\\\/\\\/secure.gravatar.com\\\/avatar\\\/66fd3bb88d02e422d36e9f0e1fc52b2ce6c59df6a12e91a59752d57569803035?s=96&d=mm&r=g\",\"url\":\"https:\\\/\\\/secure.gravatar.com\\\/avatar\\\/66fd3bb88d02e422d36e9f0e1fc52b2ce6c59df6a12e91a59752d57569803035?s=96&d=mm&r=g\",\"contentUrl\":\"https:\\\/\\\/secure.gravatar.com\\\/avatar\\\/66fd3bb88d02e422d36e9f0e1fc52b2ce6c59df6a12e91a59752d57569803035?s=96&d=mm&r=g\",\"caption\":\"siminovitchadmin\"},\"sameAs\":[\"https:\\\/\\\/siminovitchprize.com\"]}]}<\/script>\n<!-- \/ Yoast SEO plugin. -->","yoast_head_json":{"title":"World Theatre Day - Siminovitch Theatre Foundation","robots":{"index":"index","follow":"follow","max-snippet":"max-snippet:-1","max-image-preview":"max-image-preview:large","max-video-preview":"max-video-preview:-1"},"canonical":"https:\/\/siminovitchprize.com\/fr\/world-theatre-day\/","og_locale":"fr_CA","og_type":"article","og_title":"World Theatre Day - Siminovitch Theatre Foundation","og_description":"On World Theatre Day, join theatre-makers and theatre-fans for an uplifting conversation about the digital innovations that are taking place while theatres are dark. This will be a social experience, and a chance to connect with friends and colleagues (old and new) like you would in the lobby before, after, and in the intermissions of [&hellip;]","og_url":"https:\/\/siminovitchprize.com\/fr\/world-theatre-day\/","og_site_name":"Siminovitch Theatre Foundation","article_published_time":"2021-03-02T16:26:13+00:00","article_modified_time":"2023-10-02T20:03:19+00:00","og_image":[{"width":2160,"height":1080,"url":"https:\/\/siminovitchprize.com\/wp-content\/uploads\/2021\/03\/forum_eventbrite_EN_final_030421.jpg","type":"image\/jpeg"}],"author":"siminovitchadmin","twitter_card":"summary_large_image","twitter_misc":{"\u00c9crit par":"siminovitchadmin","Estimation du temps de lecture":"2 minutes"},"schema":{"@context":"https:\/\/schema.org","@graph":[{"@type":"Article","@id":"https:\/\/siminovitchprize.com\/world-theatre-day\/#article","isPartOf":{"@id":"https:\/\/siminovitchprize.com\/world-theatre-day\/"},"author":{"name":"siminovitchadmin","@id":"https:\/\/siminovitchprize.com\/#\/schema\/person\/cfc8c9b4fabdfa6cf8c2dcae8cddd9ed"},"headline":"World Theatre Day","datePublished":"2021-03-02T16:26:13+00:00","dateModified":"2023-10-02T20:03:19+00:00","mainEntityOfPage":{"@id":"https:\/\/siminovitchprize.com\/world-theatre-day\/"},"wordCount":148,"image":{"@id":"https:\/\/siminovitchprize.com\/world-theatre-day\/#primaryimage"},"thumbnailUrl":"https:\/\/siminovitchprize.com\/wp-content\/uploads\/2021\/03\/forum_eventbrite_EN_final_030421.jpg","articleSection":["News and Events"],"inLanguage":"fr-CA"},{"@type":"WebPage","@id":"https:\/\/siminovitchprize.com\/world-theatre-day\/","url":"https:\/\/siminovitchprize.com\/world-theatre-day\/","name":"World Theatre Day - Siminovitch Theatre Foundation","isPartOf":{"@id":"https:\/\/siminovitchprize.com\/#website"},"primaryImageOfPage":{"@id":"https:\/\/siminovitchprize.com\/world-theatre-day\/#primaryimage"},"image":{"@id":"https:\/\/siminovitchprize.com\/world-theatre-day\/#primaryimage"},"thumbnailUrl":"https:\/\/siminovitchprize.com\/wp-content\/uploads\/2021\/03\/forum_eventbrite_EN_final_030421.jpg","datePublished":"2021-03-02T16:26:13+00:00","dateModified":"2023-10-02T20:03:19+00:00","author":{"@id":"https:\/\/siminovitchprize.com\/#\/schema\/person\/cfc8c9b4fabdfa6cf8c2dcae8cddd9ed"},"breadcrumb":{"@id":"https:\/\/siminovitchprize.com\/world-theatre-day\/#breadcrumb"},"inLanguage":"fr-CA","potentialAction":[{"@type":"ReadAction","target":["https:\/\/siminovitchprize.com\/world-theatre-day\/"]}]},{"@type":"ImageObject","inLanguage":"fr-CA","@id":"https:\/\/siminovitchprize.com\/world-theatre-day\/#primaryimage","url":"https:\/\/siminovitchprize.com\/wp-content\/uploads\/2021\/03\/forum_eventbrite_EN_final_030421.jpg","contentUrl":"https:\/\/siminovitchprize.com\/wp-content\/uploads\/2021\/03\/forum_eventbrite_EN_final_030421.jpg","width":2160,"height":1080},{"@type":"BreadcrumbList","@id":"https:\/\/siminovitchprize.com\/world-theatre-day\/#breadcrumb","itemListElement":[{"@type":"ListItem","position":1,"name":"Home","item":"https:\/\/siminovitchprize.com\/"},{"@type":"ListItem","position":2,"name":"World Theatre Day"}]},{"@type":"WebSite","@id":"https:\/\/siminovitchprize.com\/#website","url":"https:\/\/siminovitchprize.com\/","name":"La Fondation de th\u00e9\u00e2tre Siminovitch","description":"Sublimant les artistes de th\u00e9\u00e2tre innovateurs du Canada","potentialAction":[{"@type":"SearchAction","target":{"@type":"EntryPoint","urlTemplate":"https:\/\/siminovitchprize.com\/?s={search_term_string}"},"query-input":{"@type":"PropertyValueSpecification","valueRequired":true,"valueName":"search_term_string"}}],"inLanguage":"fr-CA"},{"@type":"Person","@id":"https:\/\/siminovitchprize.com\/#\/schema\/person\/cfc8c9b4fabdfa6cf8c2dcae8cddd9ed","name":"siminovitchadmin","image":{"@type":"ImageObject","inLanguage":"fr-CA","@id":"https:\/\/secure.gravatar.com\/avatar\/66fd3bb88d02e422d36e9f0e1fc52b2ce6c59df6a12e91a59752d57569803035?s=96&d=mm&r=g","url":"https:\/\/secure.gravatar.com\/avatar\/66fd3bb88d02e422d36e9f0e1fc52b2ce6c59df6a12e91a59752d57569803035?s=96&d=mm&r=g","contentUrl":"https:\/\/secure.gravatar.com\/avatar\/66fd3bb88d02e422d36e9f0e1fc52b2ce6c59df6a12e91a59752d57569803035?s=96&d=mm&r=g","caption":"siminovitchadmin"},"sameAs":["https:\/\/siminovitchprize.com"]}]}},"_links":{"self":[{"href":"https:\/\/siminovitchprize.com\/fr\/wp-json\/wp\/v2\/posts\/16701","targetHints":{"allow":["GET"]}}],"collection":[{"href":"https:\/\/siminovitchprize.com\/fr\/wp-json\/wp\/v2\/posts"}],"about":[{"href":"https:\/\/siminovitchprize.com\/fr\/wp-json\/wp\/v2\/types\/post"}],"author":[{"embeddable":true,"href":"https:\/\/siminovitchprize.com\/fr\/wp-json\/wp\/v2\/users\/1"}],"replies":[{"embeddable":true,"href":"https:\/\/siminovitchprize.com\/fr\/wp-json\/wp\/v2\/comments?post=16701"}],"version-history":[{"count":5,"href":"https:\/\/siminovitchprize.com\/fr\/wp-json\/wp\/v2\/posts\/16701\/revisions"}],"predecessor-version":[{"id":24192,"href":"https:\/\/siminovitchprize.com\/fr\/wp-json\/wp\/v2\/posts\/16701\/revisions\/24192"}],"wp:featuredmedia":[{"embeddable":true,"href":"https:\/\/siminovitchprize.com\/fr\/wp-json\/wp\/v2\/media\/16746"}],"wp:attachment":[{"href":"https:\/\/siminovitchprize.com\/fr\/wp-json\/wp\/v2\/media?parent=16701"}],"wp:term":[{"taxonomy":"category","embeddable":true,"href":"https:\/\/siminovitchprize.com\/fr\/wp-json\/wp\/v2\/categories?post=16701"},{"taxonomy":"post_tag","embeddable":true,"href":"https:\/\/siminovitchprize.com\/fr\/wp-json\/wp\/v2\/tags?post=16701"}],"curies":[{"name":"wp","href":"https:\/\/api.w.org\/{rel}","templated":true}]}}